{"id":120,"date":"2009-05-09T23:14:09","date_gmt":"2009-05-09T23:14:09","guid":{"rendered":"http:\/\/www.sarkis.fr\/?p=120"},"modified":"2022-08-07T07:10:34","modified_gmt":"2022-08-07T07:10:34","slug":"le-reve-du-jour-et-de-nuit-du-peintre-en-batiment","status":"publish","type":"post","link":"https:\/\/www.sarkis.fr\/en\/1980\/le-reve-du-jour-et-de-nuit-du-peintre-en-batiment\/","title":{"rendered":"Le R\u00eave du Jour et de Nuit du Peintre en B\u00e2timent"},"content":{"rendered":"<p><a href=\"https:\/\/www.sarkis.fr\/wp-content\/uploads\/2009\/05\/sarkis-1980-le-reve-du-jour-et-de-nuit-du-peintre-en-batiment.jpg\"><img loading=\"lazy\" decoding=\"async\" class=\"alignnone wp-image-2354\" src=\"https:\/\/www.sarkis.fr\/wp-content\/uploads\/2009\/05\/sarkis-1980-le-reve-du-jour-et-de-nuit-du-peintre-en-batiment.jpg\" alt=\"sarkis-1980-le-reve-du-jour-et-de-nuit-du-peintre-en-batiment\" width=\"545\" height=\"356\" srcset=\"https:\/\/www.sarkis.fr\/wp-content\/uploads\/2009\/05\/sarkis-1980-le-reve-du-jour-et-de-nuit-du-peintre-en-batiment.jpg 789w, https:\/\/www.sarkis.fr\/wp-content\/uploads\/2009\/05\/sarkis-1980-le-reve-du-jour-et-de-nuit-du-peintre-en-batiment-300x196.jpg 300w\" sizes=\"auto, (max-width: 545px) 100vw, 545px\" \/><\/a><\/p>\n<p><em>Le R\u00eave du Jour et de Nuit du Peintre en B\u00e2timent<\/em> : 1980, l\u2019Ancien Th\u00e9\u00e2tre de Moli\u00e8re et la Galerie Sonnabend, Paris, 16 &#8211; 31 mai. (solo)<\/p>\n","protected":false},"excerpt":{"rendered":"<p>Le R\u00eave du Jour et de Nuit du Peintre en B\u00e2timent : 1980, l\u2019Ancien Th\u00e9\u00e2tre de Moli\u00e8re et la Galerie Sonnabend, Paris, 16 &#8211; 31 mai. (solo)<\/p>\n","protected":false},"author":3,"featured_media":2354,"comment_status":"open","ping_status":"open","sticky":false,"template":"","format":"standard","meta":{"_acf_changed":false,"footnotes":""},"categories":[170],"tags":[],"class_list":["post-120","post","type-post","status-publish","format-standard","has-post-thumbnail","hentry","category-170"],"acf":[],"_links":{"self":[{"href":"https:\/\/www.sarkis.fr\/en\/wp-json\/wp\/v2\/posts\/120","targetHints":{"allow":["GET"]}}],"collection":[{"href":"https:\/\/www.sarkis.fr\/en\/wp-json\/wp\/v2\/posts"}],"about":[{"href":"https:\/\/www.sarkis.fr\/en\/wp-json\/wp\/v2\/types\/post"}],"author":[{"embeddable":true,"href":"https:\/\/www.sarkis.fr\/en\/wp-json\/wp\/v2\/users\/3"}],"replies":[{"embeddable":true,"href":"https:\/\/www.sarkis.fr\/en\/wp-json\/wp\/v2\/comments?post=120"}],"version-history":[{"count":2,"href":"https:\/\/www.sarkis.fr\/en\/wp-json\/wp\/v2\/posts\/120\/revisions"}],"predecessor-version":[{"id":11145,"href":"https:\/\/www.sarkis.fr\/en\/wp-json\/wp\/v2\/posts\/120\/revisions\/11145"}],"wp:featuredmedia":[{"embeddable":true,"href":"https:\/\/www.sarkis.fr\/en\/wp-json\/wp\/v2\/media\/2354"}],"wp:attachment":[{"href":"https:\/\/www.sarkis.fr\/en\/wp-json\/wp\/v2\/media?parent=120"}],"wp:term":[{"taxonomy":"category","embeddable":true,"href":"https:\/\/www.sarkis.fr\/en\/wp-json\/wp\/v2\/categories?post=120"},{"taxonomy":"post_tag","embeddable":true,"href":"https:\/\/www.sarkis.fr\/en\/wp-json\/wp\/v2\/tags?post=120"}],"curies":[{"name":"wp","href":"https:\/\/api.w.org\/{rel}","templated":true}]}}