{"id":160,"date":"2009-05-14T19:57:40","date_gmt":"2009-05-14T19:57:40","guid":{"rendered":"http:\/\/www.sarkis.fr\/?p=160"},"modified":"2022-08-07T07:06:03","modified_gmt":"2022-08-07T07:06:03","slug":"le-monde-est-illisible-mon-coeur-si","status":"publish","type":"post","link":"https:\/\/www.sarkis.fr\/en\/2002\/le-monde-est-illisible-mon-coeur-si\/","title":{"rendered":"Le monde est illisible, mon c\u0153ur si"},"content":{"rendered":"<p>Texte en relation avec ces images : <a href=\"\/?p=46\"><em>la biblioth\u00e8que du s\u00e9ismographe<\/em> par Uwe Fleckner \u2192<\/a><\/p>\n<p><a href=\"https:\/\/www.sarkis.fr\/wp-content\/uploads\/2009\/06\/Sarkis_2002-Lyon-1re-scne.jpg\"><img loading=\"lazy\" decoding=\"async\" class=\"alignnone wp-image-371\" src=\"https:\/\/www.sarkis.fr\/wp-content\/uploads\/2009\/06\/Sarkis_2002-Lyon-1re-scne.jpg\" alt=\"Le monde est illisible, mon c\u0153ur si : Mus\u00e9e d'Art Contemporain, Lyon. 1\u00e8re sc\u00e8ne : La Br\u00fblure, du 1.2 au 2.3.\" width=\"545\" height=\"364\" srcset=\"https:\/\/www.sarkis.fr\/wp-content\/uploads\/2009\/06\/Sarkis_2002-Lyon-1re-scne.jpg 800w, https:\/\/www.sarkis.fr\/wp-content\/uploads\/2009\/06\/Sarkis_2002-Lyon-1re-scne-300x200.jpg 300w\" sizes=\"auto, (max-width: 545px) 100vw, 545px\" \/><\/a><\/p>\n<p><em>Le monde est illisible, mon c\u0153ur si <\/em>: Mus\u00e9e d&#8217;Art Contemporain, Lyon.<br \/>\n1\u00e8re sc\u00e8ne : <em>La Br\u00fblure<\/em>, du 1.2 au 2.3.<\/p>\n<p><a href=\"https:\/\/www.sarkis.fr\/wp-content\/uploads\/2009\/05\/sarkis-2002-le-monde-est-illisible-mon-c\u0153ur-si-2eme-scene.jpg\"><img loading=\"lazy\" decoding=\"async\" class=\"alignnone wp-image-2433\" src=\"https:\/\/www.sarkis.fr\/wp-content\/uploads\/2009\/05\/sarkis-2002-le-monde-est-illisible-mon-c\u0153ur-si-2eme-scene.jpg\" alt=\"sarkis-2002-le-monde-est-illisible-mon-c\u0153ur-si-2eme-scene\" width=\"545\" height=\"358\" srcset=\"https:\/\/www.sarkis.fr\/wp-content\/uploads\/2009\/05\/sarkis-2002-le-monde-est-illisible-mon-c\u0153ur-si-2eme-scene.jpg 750w, https:\/\/www.sarkis.fr\/wp-content\/uploads\/2009\/05\/sarkis-2002-le-monde-est-illisible-mon-c\u0153ur-si-2eme-scene-300x197.jpg 300w\" sizes=\"auto, (max-width: 545px) 100vw, 545px\" \/><\/a><\/p>\n<p><em>Le monde est illisible, mon c\u0153ur si<\/em> : Mus\u00e9e d&#8217;Art Contemporain, Lyon.<br \/>\n2\u00e8me sc\u00e8ne : L&#8217;Espace de musique, du 5.3 au 7.4.<\/p>\n<p><a href=\"https:\/\/www.sarkis.fr\/wp-content\/uploads\/2009\/05\/sarkis-2002-le-monde-est-illisible-mon-c\u0153ur-si-3eme-scene.jpg\"><img loading=\"lazy\" decoding=\"async\" class=\"alignnone wp-image-2435\" src=\"https:\/\/www.sarkis.fr\/wp-content\/uploads\/2009\/05\/sarkis-2002-le-monde-est-illisible-mon-c\u0153ur-si-3eme-scene.jpg\" alt=\"sarkis-2002-le-monde-est-illisible-mon-c\u0153ur-si-3eme-scene\" width=\"545\" height=\"359\" srcset=\"https:\/\/www.sarkis.fr\/wp-content\/uploads\/2009\/05\/sarkis-2002-le-monde-est-illisible-mon-c\u0153ur-si-3eme-scene.jpg 749w, https:\/\/www.sarkis.fr\/wp-content\/uploads\/2009\/05\/sarkis-2002-le-monde-est-illisible-mon-c\u0153ur-si-3eme-scene-300x197.jpg 300w\" sizes=\"auto, (max-width: 545px) 100vw, 545px\" \/><\/a><\/p>\n<p><em>Le monde est illisible, mon c\u0153ur si <\/em>: Mus\u00e9e d&#8217;Art Contemporain, Lyon.<br \/>\n3\u00e8me sc\u00e8ne : <em>L&#8217;Ouverture<\/em>, du 17.4 au 18.5.<\/p>\n","protected":false},"excerpt":{"rendered":"<p>Texte en relation avec ces images : la biblioth\u00e8que du s\u00e9ismographe par Uwe Fleckner \u2192 Le monde est illisible, mon c\u0153ur si : Mus\u00e9e d&#8217;Art Contemporain, Lyon. 1\u00e8re sc\u00e8ne : La Br\u00fblure, du 1.2 au 2.3. Le monde est illisible, mon c\u0153ur si : Mus\u00e9e d&#8217;Art Contemporain, Lyon. 2\u00e8me sc\u00e8ne : L&#8217;Espace de musique, du [&hellip;]<\/p>\n","protected":false},"author":3,"featured_media":2433,"comment_status":"closed","ping_status":"open","sticky":false,"template":"","format":"standard","meta":{"_acf_changed":false,"footnotes":""},"categories":[147],"tags":[],"class_list":["post-160","post","type-post","status-publish","format-standard","has-post-thumbnail","hentry","category-147"],"acf":[],"_links":{"self":[{"href":"https:\/\/www.sarkis.fr\/en\/wp-json\/wp\/v2\/posts\/160","targetHints":{"allow":["GET"]}}],"collection":[{"href":"https:\/\/www.sarkis.fr\/en\/wp-json\/wp\/v2\/posts"}],"about":[{"href":"https:\/\/www.sarkis.fr\/en\/wp-json\/wp\/v2\/types\/post"}],"author":[{"embeddable":true,"href":"https:\/\/www.sarkis.fr\/en\/wp-json\/wp\/v2\/users\/3"}],"replies":[{"embeddable":true,"href":"https:\/\/www.sarkis.fr\/en\/wp-json\/wp\/v2\/comments?post=160"}],"version-history":[{"count":2,"href":"https:\/\/www.sarkis.fr\/en\/wp-json\/wp\/v2\/posts\/160\/revisions"}],"predecessor-version":[{"id":11135,"href":"https:\/\/www.sarkis.fr\/en\/wp-json\/wp\/v2\/posts\/160\/revisions\/11135"}],"wp:featuredmedia":[{"embeddable":true,"href":"https:\/\/www.sarkis.fr\/en\/wp-json\/wp\/v2\/media\/2433"}],"wp:attachment":[{"href":"https:\/\/www.sarkis.fr\/en\/wp-json\/wp\/v2\/media?parent=160"}],"wp:term":[{"taxonomy":"category","embeddable":true,"href":"https:\/\/www.sarkis.fr\/en\/wp-json\/wp\/v2\/categories?post=160"},{"taxonomy":"post_tag","embeddable":true,"href":"https:\/\/www.sarkis.fr\/en\/wp-json\/wp\/v2\/tags?post=160"}],"curies":[{"name":"wp","href":"https:\/\/api.w.org\/{rel}","templated":true}]}}