{"id":208,"date":"2009-05-30T17:47:59","date_gmt":"2009-05-30T17:47:59","guid":{"rendered":"http:\/\/www.sarkis.fr\/?p=208"},"modified":"2022-07-18T20:22:34","modified_gmt":"2022-07-18T20:22:34","slug":"1984-la-fin-des-siecles-le-debut-des-siecles","status":"publish","type":"post","link":"https:\/\/www.sarkis.fr\/en\/1984\/1984-la-fin-des-siecles-le-debut-des-siecles\/","title":{"rendered":"La Fin des Si\u00e8cles, Le D\u00e9but des Si\u00e8cles"},"content":{"rendered":"<p><a name=\"1\"><\/a><\/p>\n<p style=\"text-align: right;\">\n<p style=\"text-align: center;\"><img loading=\"lazy\" decoding=\"async\" class=\" size-full wp-image-207\" src=\"https:\/\/www.sarkis.fr\/wp-content\/uploads\/2009\/05\/1984-Debut-des-sicles-Fin-des-Sicles-ARC-MAMVParis.jpg\" alt=\"1984-Debut-des-sicles-Fin-des-Sicles-ARC-MAMVParis\" width=\"545\" height=\"357\" srcset=\"https:\/\/www.sarkis.fr\/wp-content\/uploads\/2009\/05\/1984-Debut-des-sicles-Fin-des-Sicles-ARC-MAMVParis.jpg 800w, https:\/\/www.sarkis.fr\/wp-content\/uploads\/2009\/05\/1984-Debut-des-sicles-Fin-des-Sicles-ARC-MAMVParis-300x197.jpg 300w\" sizes=\"auto, (max-width: 545px) 100vw, 545px\" \/><\/p>\n<p style=\"text-align: center;\"><em>La Fin des Si\u00e8cles, Le D\u00e9but des Si\u00e8cles<\/em> : 1984, ARC, Mus\u00e9e d\u2019Art Moderne de la Ville de Paris, 8 f\u00e9vrier &#8211; 11 mars. (solo)<\/p>\n","protected":false},"excerpt":{"rendered":"<p>La Fin des Si\u00e8cles, Le D\u00e9but des Si\u00e8cles : 1984, ARC, Mus\u00e9e d\u2019Art Moderne de la Ville de Paris, 8 f\u00e9vrier &#8211; 11 mars. (solo)<\/p>\n","protected":false},"author":3,"featured_media":207,"comment_status":"open","ping_status":"open","sticky":false,"template":"","format":"standard","meta":{"_acf_changed":false,"footnotes":""},"categories":[166],"tags":[],"class_list":["post-208","post","type-post","status-publish","format-standard","has-post-thumbnail","hentry","category-166"],"acf":[],"_links":{"self":[{"href":"https:\/\/www.sarkis.fr\/en\/wp-json\/wp\/v2\/posts\/208","targetHints":{"allow":["GET"]}}],"collection":[{"href":"https:\/\/www.sarkis.fr\/en\/wp-json\/wp\/v2\/posts"}],"about":[{"href":"https:\/\/www.sarkis.fr\/en\/wp-json\/wp\/v2\/types\/post"}],"author":[{"embeddable":true,"href":"https:\/\/www.sarkis.fr\/en\/wp-json\/wp\/v2\/users\/3"}],"replies":[{"embeddable":true,"href":"https:\/\/www.sarkis.fr\/en\/wp-json\/wp\/v2\/comments?post=208"}],"version-history":[{"count":3,"href":"https:\/\/www.sarkis.fr\/en\/wp-json\/wp\/v2\/posts\/208\/revisions"}],"predecessor-version":[{"id":9353,"href":"https:\/\/www.sarkis.fr\/en\/wp-json\/wp\/v2\/posts\/208\/revisions\/9353"}],"wp:featuredmedia":[{"embeddable":true,"href":"https:\/\/www.sarkis.fr\/en\/wp-json\/wp\/v2\/media\/207"}],"wp:attachment":[{"href":"https:\/\/www.sarkis.fr\/en\/wp-json\/wp\/v2\/media?parent=208"}],"wp:term":[{"taxonomy":"category","embeddable":true,"href":"https:\/\/www.sarkis.fr\/en\/wp-json\/wp\/v2\/categories?post=208"},{"taxonomy":"post_tag","embeddable":true,"href":"https:\/\/www.sarkis.fr\/en\/wp-json\/wp\/v2\/tags?post=208"}],"curies":[{"name":"wp","href":"https:\/\/api.w.org\/{rel}","templated":true}]}}