{"id":270,"date":"2009-06-01T19:45:21","date_gmt":"2009-06-01T19:45:21","guid":{"rendered":"http:\/\/www.sarkis.fr\/?p=270"},"modified":"2022-08-07T06:15:25","modified_gmt":"2022-08-07T06:15:25","slug":"le-decalage-entre-la-lumiere-de-leclair-et-le-bruit-du-tonnerre","status":"publish","type":"post","link":"https:\/\/www.sarkis.fr\/en\/1993\/le-decalage-entre-la-lumiere-de-leclair-et-le-bruit-du-tonnerre\/","title":{"rendered":"Le d\u00e9calage entre la lumi\u00e8re de l\u2019\u00e9clair et le bruit du tonnerre"},"content":{"rendered":"<p><a name=\"1\"><\/a><\/p>\n<p style=\"text-align: left;\">\n<p style=\"text-align: center;\"><img loading=\"lazy\" decoding=\"async\" class=\" size-full wp-image-269\" src=\"https:\/\/www.sarkis.fr\/wp-content\/uploads\/2009\/06\/Sarkis_1994-MNAM-dcallage.jpg\" alt=\"Sarkis_1994-MNAM-dcallage\" width=\"546\" height=\"411\" srcset=\"https:\/\/www.sarkis.fr\/wp-content\/uploads\/2009\/06\/Sarkis_1994-MNAM-dcallage.jpg 800w, https:\/\/www.sarkis.fr\/wp-content\/uploads\/2009\/06\/Sarkis_1994-MNAM-dcallage-300x226.jpg 300w\" sizes=\"auto, (max-width: 546px) 100vw, 546px\" \/><\/p>\n<p style=\"text-align: center;\"><em>Le d\u00e9calage entre la lumi\u00e8re de l\u2019\u00e9clair et le bruit du tonnerre<\/em> :<br \/>\n1993, Centre Georges Pompidou, 14 d\u00e9cembre 1993 &#8211; fin d\u00e9cembre 1994. (solo)<\/p>\n","protected":false},"excerpt":{"rendered":"<p>Le d\u00e9calage entre la lumi\u00e8re de l\u2019\u00e9clair et le bruit du tonnerre : 1993, Centre Georges Pompidou, 14 d\u00e9cembre 1993 &#8211; fin d\u00e9cembre 1994. (solo)<\/p>\n","protected":false},"author":3,"featured_media":269,"comment_status":"open","ping_status":"open","sticky":false,"template":"","format":"standard","meta":{"_acf_changed":false,"footnotes":""},"categories":[156],"tags":[],"class_list":["post-270","post","type-post","status-publish","format-standard","has-post-thumbnail","hentry","category-156"],"acf":[],"_links":{"self":[{"href":"https:\/\/www.sarkis.fr\/en\/wp-json\/wp\/v2\/posts\/270","targetHints":{"allow":["GET"]}}],"collection":[{"href":"https:\/\/www.sarkis.fr\/en\/wp-json\/wp\/v2\/posts"}],"about":[{"href":"https:\/\/www.sarkis.fr\/en\/wp-json\/wp\/v2\/types\/post"}],"author":[{"embeddable":true,"href":"https:\/\/www.sarkis.fr\/en\/wp-json\/wp\/v2\/users\/3"}],"replies":[{"embeddable":true,"href":"https:\/\/www.sarkis.fr\/en\/wp-json\/wp\/v2\/comments?post=270"}],"version-history":[{"count":2,"href":"https:\/\/www.sarkis.fr\/en\/wp-json\/wp\/v2\/posts\/270\/revisions"}],"predecessor-version":[{"id":11029,"href":"https:\/\/www.sarkis.fr\/en\/wp-json\/wp\/v2\/posts\/270\/revisions\/11029"}],"wp:featuredmedia":[{"embeddable":true,"href":"https:\/\/www.sarkis.fr\/en\/wp-json\/wp\/v2\/media\/269"}],"wp:attachment":[{"href":"https:\/\/www.sarkis.fr\/en\/wp-json\/wp\/v2\/media?parent=270"}],"wp:term":[{"taxonomy":"category","embeddable":true,"href":"https:\/\/www.sarkis.fr\/en\/wp-json\/wp\/v2\/categories?post=270"},{"taxonomy":"post_tag","embeddable":true,"href":"https:\/\/www.sarkis.fr\/en\/wp-json\/wp\/v2\/tags?post=270"}],"curies":[{"name":"wp","href":"https:\/\/api.w.org\/{rel}","templated":true}]}}