{"id":278,"date":"2009-06-01T19:53:20","date_gmt":"2009-06-01T19:53:20","guid":{"rendered":"http:\/\/www.sarkis.fr\/?p=278"},"modified":"2022-08-07T05:48:24","modified_gmt":"2022-08-07T05:48:24","slug":"l-arrivee-des-images-et-l-envolee-d-agra-a-verdun","status":"publish","type":"post","link":"https:\/\/www.sarkis.fr\/en\/1995\/l-arrivee-des-images-et-l-envolee-d-agra-a-verdun\/","title":{"rendered":"L\u2019arriv\u00e9e des images et L\u2019envol\u00e9e d\u2019Agra \u00e0 Verdun."},"content":{"rendered":"<p><a name=\"1\"><\/a><\/p>\n<p style=\"text-align: left;\">\n<p style=\"text-align: center;\"><img loading=\"lazy\" decoding=\"async\" class=\" size-full wp-image-277\" src=\"https:\/\/www.sarkis.fr\/wp-content\/uploads\/2009\/06\/Sarkis_1995-Verdun.jpg\" alt=\"Sarkis_1995-Verdun\" width=\"545\" height=\"341\" srcset=\"https:\/\/www.sarkis.fr\/wp-content\/uploads\/2009\/06\/Sarkis_1995-Verdun.jpg 800w, https:\/\/www.sarkis.fr\/wp-content\/uploads\/2009\/06\/Sarkis_1995-Verdun-300x188.jpg 300w\" sizes=\"auto, (max-width: 545px) 100vw, 545px\" \/><\/p>\n<p style=\"text-align: center;\"><em>L\u2019arriv\u00e9e des images et L\u2019envol\u00e9e d\u2019Agra \u00e0 Verdun<\/em> :<br \/>\n1995, Chapelle Buvignier et le Th\u00e9\u00e2tre de Verdun, 21 octobre &#8211; 10 d\u00e9cembre. (solo)<\/p>\n","protected":false},"excerpt":{"rendered":"<p>L\u2019arriv\u00e9e des images et L\u2019envol\u00e9e d\u2019Agra \u00e0 Verdun : 1995, Chapelle Buvignier et le Th\u00e9\u00e2tre de Verdun, 21 octobre &#8211; 10 d\u00e9cembre. (solo)<\/p>\n","protected":false},"author":3,"featured_media":277,"comment_status":"open","ping_status":"open","sticky":false,"template":"","format":"standard","meta":{"_acf_changed":false,"footnotes":""},"categories":[154],"tags":[],"class_list":["post-278","post","type-post","status-publish","format-standard","has-post-thumbnail","hentry","category-154"],"acf":[],"_links":{"self":[{"href":"https:\/\/www.sarkis.fr\/en\/wp-json\/wp\/v2\/posts\/278","targetHints":{"allow":["GET"]}}],"collection":[{"href":"https:\/\/www.sarkis.fr\/en\/wp-json\/wp\/v2\/posts"}],"about":[{"href":"https:\/\/www.sarkis.fr\/en\/wp-json\/wp\/v2\/types\/post"}],"author":[{"embeddable":true,"href":"https:\/\/www.sarkis.fr\/en\/wp-json\/wp\/v2\/users\/3"}],"replies":[{"embeddable":true,"href":"https:\/\/www.sarkis.fr\/en\/wp-json\/wp\/v2\/comments?post=278"}],"version-history":[{"count":2,"href":"https:\/\/www.sarkis.fr\/en\/wp-json\/wp\/v2\/posts\/278\/revisions"}],"predecessor-version":[{"id":11017,"href":"https:\/\/www.sarkis.fr\/en\/wp-json\/wp\/v2\/posts\/278\/revisions\/11017"}],"wp:featuredmedia":[{"embeddable":true,"href":"https:\/\/www.sarkis.fr\/en\/wp-json\/wp\/v2\/media\/277"}],"wp:attachment":[{"href":"https:\/\/www.sarkis.fr\/en\/wp-json\/wp\/v2\/media?parent=278"}],"wp:term":[{"taxonomy":"category","embeddable":true,"href":"https:\/\/www.sarkis.fr\/en\/wp-json\/wp\/v2\/categories?post=278"},{"taxonomy":"post_tag","embeddable":true,"href":"https:\/\/www.sarkis.fr\/en\/wp-json\/wp\/v2\/tags?post=278"}],"curies":[{"name":"wp","href":"https:\/\/api.w.org\/{rel}","templated":true}]}}