{"id":296,"date":"2009-06-06T18:28:56","date_gmt":"2009-06-06T18:28:56","guid":{"rendered":"http:\/\/www.sarkis.fr\/?p=296"},"modified":"2026-02-13T11:01:48","modified_gmt":"2026-02-13T11:01:48","slug":"au-commencement-le-son-des-4-lumieres-a-larrivee","status":"publish","type":"post","link":"https:\/\/www.sarkis.fr\/en\/1998\/au-commencement-le-son-des-4-lumieres-a-larrivee\/","title":{"rendered":"Au commencement, le son des 4 lumi\u00e8res, \u00e0 l&#8217;arriv\u00e9e"},"content":{"rendered":"<p><a name=\"1\"><\/a><\/p>\n<p style=\"text-align: center;\"><img loading=\"lazy\" decoding=\"async\" class=\" size-full wp-image-295\" src=\"https:\/\/www.sarkis.fr\/wp-content\/uploads\/2009\/06\/Sarkis_1998-Lyon-Musique-en-scne.jpg\" alt=\"Sarkis_1998-Lyon-Musique-en-scne\" width=\"545\" height=\"360\" srcset=\"https:\/\/www.sarkis.fr\/wp-content\/uploads\/2009\/06\/Sarkis_1998-Lyon-Musique-en-scne.jpg 800w, https:\/\/www.sarkis.fr\/wp-content\/uploads\/2009\/06\/Sarkis_1998-Lyon-Musique-en-scne-300x198.jpg 300w\" sizes=\"auto, (max-width: 545px) 100vw, 545px\" \/><\/p>\n<p style=\"text-align: center;\"><em>au commencement, le son des 4 lumi\u00e8res, \u00e0 l&#8217;arriv\u00e9e<\/em> :<br \/>1998, dans Musiques en Sc\u00e8ne, Mus\u00e9e d&#8217;Art Contemporain, Lyon, 4 mars-12 mai.<\/p>\n\n\n<div style=\"height:50px\" aria-hidden=\"true\" class=\"wp-block-spacer\"><\/div>\n\n\n\n<figure class=\"wp-block-image size-large\"><a href=\"https:\/\/www.sarkis.fr\/wp-content\/uploads\/2009\/05\/1998-Musique-en-scene-Musee-de-Lyon.webp\"><img loading=\"lazy\" decoding=\"async\" width=\"1030\" height=\"668\" src=\"https:\/\/www.sarkis.fr\/wp-content\/uploads\/2009\/05\/1998-Musique-en-scene-Musee-de-Lyon-1030x668.webp\" alt=\"\" class=\"wp-image-13817\" srcset=\"https:\/\/www.sarkis.fr\/wp-content\/uploads\/2009\/05\/1998-Musique-en-scene-Musee-de-Lyon-1030x668.webp 1030w, https:\/\/www.sarkis.fr\/wp-content\/uploads\/2009\/05\/1998-Musique-en-scene-Musee-de-Lyon-300x195.webp 300w, https:\/\/www.sarkis.fr\/wp-content\/uploads\/2009\/05\/1998-Musique-en-scene-Musee-de-Lyon-768x498.webp 768w, https:\/\/www.sarkis.fr\/wp-content\/uploads\/2009\/05\/1998-Musique-en-scene-Musee-de-Lyon.webp 1200w\" sizes=\"auto, (max-width: 1030px) 100vw, 1030px\" \/><\/a><\/figure>\n","protected":false},"excerpt":{"rendered":"<p>au commencement, le son des 4 lumi\u00e8res, \u00e0 l&#8217;arriv\u00e9e :1998, dans Musiques en Sc\u00e8ne, Mus\u00e9e d&#8217;Art Contemporain, Lyon, 4 mars-12 mai.<\/p>\n","protected":false},"author":3,"featured_media":295,"comment_status":"open","ping_status":"open","sticky":false,"template":"","format":"standard","meta":{"_acf_changed":false,"footnotes":""},"categories":[151],"tags":[],"class_list":["post-296","post","type-post","status-publish","format-standard","has-post-thumbnail","hentry","category-151"],"acf":[],"_links":{"self":[{"href":"https:\/\/www.sarkis.fr\/en\/wp-json\/wp\/v2\/posts\/296","targetHints":{"allow":["GET"]}}],"collection":[{"href":"https:\/\/www.sarkis.fr\/en\/wp-json\/wp\/v2\/posts"}],"about":[{"href":"https:\/\/www.sarkis.fr\/en\/wp-json\/wp\/v2\/types\/post"}],"author":[{"embeddable":true,"href":"https:\/\/www.sarkis.fr\/en\/wp-json\/wp\/v2\/users\/3"}],"replies":[{"embeddable":true,"href":"https:\/\/www.sarkis.fr\/en\/wp-json\/wp\/v2\/comments?post=296"}],"version-history":[{"count":4,"href":"https:\/\/www.sarkis.fr\/en\/wp-json\/wp\/v2\/posts\/296\/revisions"}],"predecessor-version":[{"id":13836,"href":"https:\/\/www.sarkis.fr\/en\/wp-json\/wp\/v2\/posts\/296\/revisions\/13836"}],"wp:featuredmedia":[{"embeddable":true,"href":"https:\/\/www.sarkis.fr\/en\/wp-json\/wp\/v2\/media\/295"}],"wp:attachment":[{"href":"https:\/\/www.sarkis.fr\/en\/wp-json\/wp\/v2\/media?parent=296"}],"wp:term":[{"taxonomy":"category","embeddable":true,"href":"https:\/\/www.sarkis.fr\/en\/wp-json\/wp\/v2\/categories?post=296"},{"taxonomy":"post_tag","embeddable":true,"href":"https:\/\/www.sarkis.fr\/en\/wp-json\/wp\/v2\/tags?post=296"}],"curies":[{"name":"wp","href":"https:\/\/api.w.org\/{rel}","templated":true}]}}