{"id":321,"date":"2009-06-08T20:21:31","date_gmt":"2009-06-08T20:21:31","guid":{"rendered":"http:\/\/www.sarkis.fr\/?p=321"},"modified":"2022-08-06T20:37:54","modified_gmt":"2022-08-06T20:37:54","slug":"le-voyage-le-soleil-lobscurite","status":"publish","type":"post","link":"https:\/\/www.sarkis.fr\/en\/2002\/le-voyage-le-soleil-lobscurite\/","title":{"rendered":"Le voyage. Le soleil. L&#8217;obscurit\u00e9."},"content":{"rendered":"<p><a href=\"https:\/\/www.sarkis.fr\/wp-content\/uploads\/2009\/06\/sarkis-2002-le-voyage-le-soleil-l-obscurite.jpg\"><img loading=\"lazy\" decoding=\"async\" class=\"alignnone wp-image-2439\" src=\"https:\/\/www.sarkis.fr\/wp-content\/uploads\/2009\/06\/sarkis-2002-le-voyage-le-soleil-l-obscurite.jpg\" alt=\"sarkis-2002-le-voyage-le-soleil-l-obscurite\" width=\"545\" height=\"355\" srcset=\"https:\/\/www.sarkis.fr\/wp-content\/uploads\/2009\/06\/sarkis-2002-le-voyage-le-soleil-l-obscurite.jpg 750w, https:\/\/www.sarkis.fr\/wp-content\/uploads\/2009\/06\/sarkis-2002-le-voyage-le-soleil-l-obscurite-300x195.jpg 300w\" sizes=\"auto, (max-width: 545px) 100vw, 545px\" \/><\/a><\/p>\n<p><em>Le voyage. Le soleil. L&#8217;obscurit\u00e9<\/em> : 2002, Mus\u00e9e d&#8217;Art Moderne de C\u00e9ret, 22.6.-25.9. (solo)<\/p>\n","protected":false},"excerpt":{"rendered":"<p>Le voyage. Le soleil. L&#8217;obscurit\u00e9 : 2002, Mus\u00e9e d&#8217;Art Moderne de C\u00e9ret, 22.6.-25.9. (solo)<\/p>\n","protected":false},"author":3,"featured_media":2439,"comment_status":"open","ping_status":"open","sticky":false,"template":"","format":"standard","meta":{"_acf_changed":false,"footnotes":""},"categories":[147],"tags":[],"class_list":["post-321","post","type-post","status-publish","format-standard","has-post-thumbnail","hentry","category-147"],"acf":[],"_links":{"self":[{"href":"https:\/\/www.sarkis.fr\/en\/wp-json\/wp\/v2\/posts\/321","targetHints":{"allow":["GET"]}}],"collection":[{"href":"https:\/\/www.sarkis.fr\/en\/wp-json\/wp\/v2\/posts"}],"about":[{"href":"https:\/\/www.sarkis.fr\/en\/wp-json\/wp\/v2\/types\/post"}],"author":[{"embeddable":true,"href":"https:\/\/www.sarkis.fr\/en\/wp-json\/wp\/v2\/users\/3"}],"replies":[{"embeddable":true,"href":"https:\/\/www.sarkis.fr\/en\/wp-json\/wp\/v2\/comments?post=321"}],"version-history":[{"count":2,"href":"https:\/\/www.sarkis.fr\/en\/wp-json\/wp\/v2\/posts\/321\/revisions"}],"predecessor-version":[{"id":10919,"href":"https:\/\/www.sarkis.fr\/en\/wp-json\/wp\/v2\/posts\/321\/revisions\/10919"}],"wp:featuredmedia":[{"embeddable":true,"href":"https:\/\/www.sarkis.fr\/en\/wp-json\/wp\/v2\/media\/2439"}],"wp:attachment":[{"href":"https:\/\/www.sarkis.fr\/en\/wp-json\/wp\/v2\/media?parent=321"}],"wp:term":[{"taxonomy":"category","embeddable":true,"href":"https:\/\/www.sarkis.fr\/en\/wp-json\/wp\/v2\/categories?post=321"},{"taxonomy":"post_tag","embeddable":true,"href":"https:\/\/www.sarkis.fr\/en\/wp-json\/wp\/v2\/tags?post=321"}],"curies":[{"name":"wp","href":"https:\/\/api.w.org\/{rel}","templated":true}]}}